	{"id":67412,"date":"2026-04-30T10:02:09","date_gmt":"2026-04-30T08:02:09","guid":{"rendered":"https:\/\/www.fundigex.es\/?p=67412"},"modified":"2026-04-30T10:02:09","modified_gmt":"2026-04-30T08:02:09","slug":"fundiciones-san-vicente-acquires-the-productive-assets-of-procast-guss-espana-formerly-fundiciones-garbi-2","status":"publish","type":"post","link":"https:\/\/www.fundigex.es\/en\/fundiciones-san-vicente-acquires-the-productive-assets-of-procast-guss-espana-formerly-fundiciones-garbi-2","title":{"rendered":"FUNDICIONES SAN VICENTE ACQUIRES THE PRODUCTIVE ASSETS OF PROCAST GUSS ESPA\u00d1A, FORMERLY FUNDICIONES GARBI"},"content":{"rendered":"<p>At Fundigex, we would like to extend our most sincere congratulations to Fundiciones San Vicente on their acquisition on March 31, 2026, of Procast Guss Espa\u00f1a S.L.\u2019s production assets during its liquidation process. With this operation, the cooperative rescues the German company\u2019s valuable production facilities amidst a complex climate for the foundry sector and the Basque industrial landscape as a whole.<\/p>\n<p>Fundiciones San Vicente, which boasts nearly 75 years of experience in the iron foundry sector, specializes in the production of short-run, highly complex parts. This segment maintains high barriers to entry for Chinese competition due to its specific volumes and lead times, allowing the cooperative to expand its market niche into sectors such as pumps and valves, agricultural machinery, railways, and machine tools.<\/p>\n<p>This latest strategic decision enables the cooperative to leap toward cutting-edge technology better suited to current market demands, enhancing its competitiveness and allowing for diversification into new client sectors. In doing so, they once again demonstrate their commitment to local industry and high-quality craftsmanship.<\/p>\n","protected":false},"excerpt":{"rendered":"<p>At Fundigex, we would like to extend our most sincere congratulations to Fundiciones San Vicente on their acquisition on March 31, 2026, of Procast Guss Espa\u00f1a S.L.\u2019s production assets during its liquidation process. With this operation, the cooperative rescues the German company\u2019s valuable production facilities amidst a complex climate for the foundry sector and the&hellip;<\/p>\n","protected":false},"author":86,"featured_media":67286,"comment_status":"closed","ping_status":"closed","sticky":false,"template":"","format":"standard","meta":[],"categories":[1033,696],"tags":[],"acf":[],"yoast_head":"<!-- This site is optimized with the Yoast SEO plugin v20.1 - https:\/\/yoast.com\/wordpress\/plugins\/seo\/ -->\n<title>FUNDICIONES SAN VICENTE ACQUIRES THE PRODUCTIVE ASSETS OF PROCAST GUSS ESPA\u00d1A, FORMERLY FUNDICIONES GARBI - FUNDIGEX<\/title>\n<meta name=\"robots\" content=\"index, follow, max-snippet:-1, max-image-preview:large, max-video-preview:-1\" \/>\n<link rel=\"canonical\" href=\"https:\/\/www.fundigex.es\/en\/fundiciones-san-vicente-acquires-the-productive-assets-of-procast-guss-espana-formerly-fundiciones-garbi-2\" \/>\n<meta property=\"og:locale\" content=\"en_US\" \/>\n<meta property=\"og:type\" content=\"article\" \/>\n<meta property=\"og:title\" content=\"FUNDICIONES SAN VICENTE ACQUIRES THE PRODUCTIVE ASSETS OF PROCAST GUSS ESPA\u00d1A, FORMERLY FUNDICIONES GARBI - FUNDIGEX\" \/>\n<meta property=\"og:description\" content=\"At Fundigex, we would like to extend our most sincere congratulations to Fundiciones San Vicente on their acquisition on March 31, 2026, of Procast Guss Espa\u00f1a S.L.\u2019s production assets during its liquidation process. With this operation, the cooperative rescues the German company\u2019s valuable production facilities amidst a complex climate for the foundry sector and the&hellip;\" \/>\n<meta property=\"og:url\" content=\"https:\/\/www.fundigex.es\/en\/fundiciones-san-vicente-acquires-the-productive-assets-of-procast-guss-espana-formerly-fundiciones-garbi-2\" \/>\n<meta property=\"og:site_name\" content=\"FUNDIGEX\" \/>\n<meta property=\"article:published_time\" content=\"2026-04-30T08:02:09+00:00\" \/>\n<meta property=\"og:image\" content=\"https:\/\/www.fundigex.es\/files\/2026\/04\/FundSanVicente_Notaprensa.jpeg\" \/>\n\t<meta property=\"og:image:width\" content=\"1126\" \/>\n\t<meta property=\"og:image:height\" content=\"2000\" \/>\n\t<meta property=\"og:image:type\" content=\"image\/jpeg\" \/>\n<meta name=\"author\" content=\"Fundigex Fundi\" \/>\n<meta name=\"twitter:card\" content=\"summary_large_image\" \/>\n<meta name=\"twitter:label1\" content=\"Written by\" \/>\n\t<meta name=\"twitter:data1\" content=\"Fundigex Fundi\" \/>\n\t<meta name=\"twitter:label2\" content=\"Est. reading time\" \/>\n\t<meta name=\"twitter:data2\" content=\"1 minute\" \/>\n<script type=\"application\/ld+json\" class=\"yoast-schema-graph\">{\"@context\":\"https:\/\/schema.org\",\"@graph\":[{\"@type\":\"Article\",\"@id\":\"https:\/\/www.fundigex.es\/en\/fundiciones-san-vicente-acquires-the-productive-assets-of-procast-guss-espana-formerly-fundiciones-garbi-2#article\",\"isPartOf\":{\"@id\":\"https:\/\/www.fundigex.es\/en\/fundiciones-san-vicente-acquires-the-productive-assets-of-procast-guss-espana-formerly-fundiciones-garbi-2\"},\"author\":{\"name\":\"Fundigex Fundi\",\"@id\":\"https:\/\/www.fundigex.es\/fr\/#\/schema\/person\/cd310debd0fec8b39a0744c5169bca98\"},\"headline\":\"FUNDICIONES SAN VICENTE ACQUIRES THE PRODUCTIVE ASSETS OF PROCAST GUSS ESPA\u00d1A, FORMERLY FUNDICIONES GARBI\",\"datePublished\":\"2026-04-30T08:02:09+00:00\",\"dateModified\":\"2026-04-30T08:02:09+00:00\",\"mainEntityOfPage\":{\"@id\":\"https:\/\/www.fundigex.es\/en\/fundiciones-san-vicente-acquires-the-productive-assets-of-procast-guss-espana-formerly-fundiciones-garbi-2\"},\"wordCount\":184,\"publisher\":{\"@id\":\"https:\/\/www.fundigex.es\/fr\/#organization\"},\"articleSection\":[\"Destacadas ingl\u00e9s\",\"News\"],\"inLanguage\":\"en-US\"},{\"@type\":\"WebPage\",\"@id\":\"https:\/\/www.fundigex.es\/en\/fundiciones-san-vicente-acquires-the-productive-assets-of-procast-guss-espana-formerly-fundiciones-garbi-2\",\"url\":\"https:\/\/www.fundigex.es\/en\/fundiciones-san-vicente-acquires-the-productive-assets-of-procast-guss-espana-formerly-fundiciones-garbi-2\",\"name\":\"FUNDICIONES SAN VICENTE ACQUIRES THE PRODUCTIVE ASSETS OF PROCAST GUSS ESPA\u00d1A, FORMERLY FUNDICIONES GARBI - FUNDIGEX\",\"isPartOf\":{\"@id\":\"https:\/\/www.fundigex.es\/fr\/#website\"},\"datePublished\":\"2026-04-30T08:02:09+00:00\",\"dateModified\":\"2026-04-30T08:02:09+00:00\",\"breadcrumb\":{\"@id\":\"https:\/\/www.fundigex.es\/en\/fundiciones-san-vicente-acquires-the-productive-assets-of-procast-guss-espana-formerly-fundiciones-garbi-2#breadcrumb\"},\"inLanguage\":\"en-US\",\"potentialAction\":[{\"@type\":\"ReadAction\",\"target\":[\"https:\/\/www.fundigex.es\/en\/fundiciones-san-vicente-acquires-the-productive-assets-of-procast-guss-espana-formerly-fundiciones-garbi-2\"]}]},{\"@type\":\"BreadcrumbList\",\"@id\":\"https:\/\/www.fundigex.es\/en\/fundiciones-san-vicente-acquires-the-productive-assets-of-procast-guss-espana-formerly-fundiciones-garbi-2#breadcrumb\",\"itemListElement\":[{\"@type\":\"ListItem\",\"position\":1,\"name\":\"Portada\",\"item\":\"https:\/\/www.fundigex.es\/en\"},{\"@type\":\"ListItem\",\"position\":2,\"name\":\"FUNDICIONES SAN VICENTE ACQUIRES THE PRODUCTIVE ASSETS OF PROCAST GUSS ESPA\u00d1A, FORMERLY FUNDICIONES GARBI\"}]},{\"@type\":\"WebSite\",\"@id\":\"https:\/\/www.fundigex.es\/fr\/#website\",\"url\":\"https:\/\/www.fundigex.es\/fr\/\",\"name\":\"FUNDIGEX\",\"description\":\"Asociaci\u00f3n Espa\u00f1ola de Exportadores de Fundici\u00f3n\",\"publisher\":{\"@id\":\"https:\/\/www.fundigex.es\/fr\/#organization\"},\"potentialAction\":[{\"@type\":\"SearchAction\",\"target\":{\"@type\":\"EntryPoint\",\"urlTemplate\":\"https:\/\/www.fundigex.es\/fr\/?s={search_term_string}\"},\"query-input\":\"required name=search_term_string\"}],\"inLanguage\":\"en-US\"},{\"@type\":\"Organization\",\"@id\":\"https:\/\/www.fundigex.es\/fr\/#organization\",\"name\":\"FUNDIGEX\",\"url\":\"https:\/\/www.fundigex.es\/fr\/\",\"logo\":{\"@type\":\"ImageObject\",\"inLanguage\":\"en-US\",\"@id\":\"https:\/\/www.fundigex.es\/fr\/#\/schema\/logo\/image\/\",\"url\":\"https:\/\/www.fundigex.es\/files\/2023\/07\/FUNDIGEX-LOGO-AltaResolucion.png\",\"contentUrl\":\"https:\/\/www.fundigex.es\/files\/2023\/07\/FUNDIGEX-LOGO-AltaResolucion.png\",\"width\":3438,\"height\":1690,\"caption\":\"FUNDIGEX\"},\"image\":{\"@id\":\"https:\/\/www.fundigex.es\/fr\/#\/schema\/logo\/image\/\"},\"sameAs\":[\"https:\/\/www.linkedin.com\/company\/fundigex-castings-and-foundry-suppliers\/?viewAsMember=true\"]},{\"@type\":\"Person\",\"@id\":\"https:\/\/www.fundigex.es\/fr\/#\/schema\/person\/cd310debd0fec8b39a0744c5169bca98\",\"name\":\"Fundigex Fundi\",\"image\":{\"@type\":\"ImageObject\",\"inLanguage\":\"en-US\",\"@id\":\"https:\/\/www.fundigex.es\/fr\/#\/schema\/person\/image\/\",\"url\":\"https:\/\/secure.gravatar.com\/avatar\/a74237a0fbd07de4e056ff36d6338c3e?s=96&d=mm&r=g\",\"contentUrl\":\"https:\/\/secure.gravatar.com\/avatar\/a74237a0fbd07de4e056ff36d6338c3e?s=96&d=mm&r=g\",\"caption\":\"Fundigex Fundi\"}}]}<\/script>\n<!-- \/ Yoast SEO plugin. -->","yoast_head_json":{"title":"FUNDICIONES SAN VICENTE ACQUIRES THE PRODUCTIVE ASSETS OF PROCAST GUSS ESPA\u00d1A, FORMERLY FUNDICIONES GARBI - FUNDIGEX","robots":{"index":"index","follow":"follow","max-snippet":"max-snippet:-1","max-image-preview":"max-image-preview:large","max-video-preview":"max-video-preview:-1"},"canonical":"https:\/\/www.fundigex.es\/en\/fundiciones-san-vicente-acquires-the-productive-assets-of-procast-guss-espana-formerly-fundiciones-garbi-2","og_locale":"en_US","og_type":"article","og_title":"FUNDICIONES SAN VICENTE ACQUIRES THE PRODUCTIVE ASSETS OF PROCAST GUSS ESPA\u00d1A, FORMERLY FUNDICIONES GARBI - FUNDIGEX","og_description":"At Fundigex, we would like to extend our most sincere congratulations to Fundiciones San Vicente on their acquisition on March 31, 2026, of Procast Guss Espa\u00f1a S.L.\u2019s production assets during its liquidation process. With this operation, the cooperative rescues the German company\u2019s valuable production facilities amidst a complex climate for the foundry sector and the&hellip;","og_url":"https:\/\/www.fundigex.es\/en\/fundiciones-san-vicente-acquires-the-productive-assets-of-procast-guss-espana-formerly-fundiciones-garbi-2","og_site_name":"FUNDIGEX","article_published_time":"2026-04-30T08:02:09+00:00","og_image":[{"width":1126,"height":2000,"url":"https:\/\/www.fundigex.es\/files\/2026\/04\/FundSanVicente_Notaprensa.jpeg","type":"image\/jpeg"}],"author":"Fundigex Fundi","twitter_card":"summary_large_image","twitter_misc":{"Written by":"Fundigex Fundi","Est. reading time":"1 minute"},"schema":{"@context":"https:\/\/schema.org","@graph":[{"@type":"Article","@id":"https:\/\/www.fundigex.es\/en\/fundiciones-san-vicente-acquires-the-productive-assets-of-procast-guss-espana-formerly-fundiciones-garbi-2#article","isPartOf":{"@id":"https:\/\/www.fundigex.es\/en\/fundiciones-san-vicente-acquires-the-productive-assets-of-procast-guss-espana-formerly-fundiciones-garbi-2"},"author":{"name":"Fundigex Fundi","@id":"https:\/\/www.fundigex.es\/fr\/#\/schema\/person\/cd310debd0fec8b39a0744c5169bca98"},"headline":"FUNDICIONES SAN VICENTE ACQUIRES THE PRODUCTIVE ASSETS OF PROCAST GUSS ESPA\u00d1A, FORMERLY FUNDICIONES GARBI","datePublished":"2026-04-30T08:02:09+00:00","dateModified":"2026-04-30T08:02:09+00:00","mainEntityOfPage":{"@id":"https:\/\/www.fundigex.es\/en\/fundiciones-san-vicente-acquires-the-productive-assets-of-procast-guss-espana-formerly-fundiciones-garbi-2"},"wordCount":184,"publisher":{"@id":"https:\/\/www.fundigex.es\/fr\/#organization"},"articleSection":["Destacadas ingl\u00e9s","News"],"inLanguage":"en-US"},{"@type":"WebPage","@id":"https:\/\/www.fundigex.es\/en\/fundiciones-san-vicente-acquires-the-productive-assets-of-procast-guss-espana-formerly-fundiciones-garbi-2","url":"https:\/\/www.fundigex.es\/en\/fundiciones-san-vicente-acquires-the-productive-assets-of-procast-guss-espana-formerly-fundiciones-garbi-2","name":"FUNDICIONES SAN VICENTE ACQUIRES THE PRODUCTIVE ASSETS OF PROCAST GUSS ESPA\u00d1A, FORMERLY FUNDICIONES GARBI - FUNDIGEX","isPartOf":{"@id":"https:\/\/www.fundigex.es\/fr\/#website"},"datePublished":"2026-04-30T08:02:09+00:00","dateModified":"2026-04-30T08:02:09+00:00","breadcrumb":{"@id":"https:\/\/www.fundigex.es\/en\/fundiciones-san-vicente-acquires-the-productive-assets-of-procast-guss-espana-formerly-fundiciones-garbi-2#breadcrumb"},"inLanguage":"en-US","potentialAction":[{"@type":"ReadAction","target":["https:\/\/www.fundigex.es\/en\/fundiciones-san-vicente-acquires-the-productive-assets-of-procast-guss-espana-formerly-fundiciones-garbi-2"]}]},{"@type":"BreadcrumbList","@id":"https:\/\/www.fundigex.es\/en\/fundiciones-san-vicente-acquires-the-productive-assets-of-procast-guss-espana-formerly-fundiciones-garbi-2#breadcrumb","itemListElement":[{"@type":"ListItem","position":1,"name":"Portada","item":"https:\/\/www.fundigex.es\/en"},{"@type":"ListItem","position":2,"name":"FUNDICIONES SAN VICENTE ACQUIRES THE PRODUCTIVE ASSETS OF PROCAST GUSS ESPA\u00d1A, FORMERLY FUNDICIONES GARBI"}]},{"@type":"WebSite","@id":"https:\/\/www.fundigex.es\/fr\/#website","url":"https:\/\/www.fundigex.es\/fr\/","name":"FUNDIGEX","description":"Asociaci\u00f3n Espa\u00f1ola de Exportadores de Fundici\u00f3n","publisher":{"@id":"https:\/\/www.fundigex.es\/fr\/#organization"},"potentialAction":[{"@type":"SearchAction","target":{"@type":"EntryPoint","urlTemplate":"https:\/\/www.fundigex.es\/fr\/?s={search_term_string}"},"query-input":"required name=search_term_string"}],"inLanguage":"en-US"},{"@type":"Organization","@id":"https:\/\/www.fundigex.es\/fr\/#organization","name":"FUNDIGEX","url":"https:\/\/www.fundigex.es\/fr\/","logo":{"@type":"ImageObject","inLanguage":"en-US","@id":"https:\/\/www.fundigex.es\/fr\/#\/schema\/logo\/image\/","url":"https:\/\/www.fundigex.es\/files\/2023\/07\/FUNDIGEX-LOGO-AltaResolucion.png","contentUrl":"https:\/\/www.fundigex.es\/files\/2023\/07\/FUNDIGEX-LOGO-AltaResolucion.png","width":3438,"height":1690,"caption":"FUNDIGEX"},"image":{"@id":"https:\/\/www.fundigex.es\/fr\/#\/schema\/logo\/image\/"},"sameAs":["https:\/\/www.linkedin.com\/company\/fundigex-castings-and-foundry-suppliers\/?viewAsMember=true"]},{"@type":"Person","@id":"https:\/\/www.fundigex.es\/fr\/#\/schema\/person\/cd310debd0fec8b39a0744c5169bca98","name":"Fundigex Fundi","image":{"@type":"ImageObject","inLanguage":"en-US","@id":"https:\/\/www.fundigex.es\/fr\/#\/schema\/person\/image\/","url":"https:\/\/secure.gravatar.com\/avatar\/a74237a0fbd07de4e056ff36d6338c3e?s=96&d=mm&r=g","contentUrl":"https:\/\/secure.gravatar.com\/avatar\/a74237a0fbd07de4e056ff36d6338c3e?s=96&d=mm&r=g","caption":"Fundigex Fundi"}}]}},"_links":{"self":[{"href":"https:\/\/www.fundigex.es\/en\/wp-json\/wp\/v2\/posts\/67412"}],"collection":[{"href":"https:\/\/www.fundigex.es\/en\/wp-json\/wp\/v2\/posts"}],"about":[{"href":"https:\/\/www.fundigex.es\/en\/wp-json\/wp\/v2\/types\/post"}],"author":[{"embeddable":true,"href":"https:\/\/www.fundigex.es\/en\/wp-json\/wp\/v2\/users\/86"}],"replies":[{"embeddable":true,"href":"https:\/\/www.fundigex.es\/en\/wp-json\/wp\/v2\/comments?post=67412"}],"version-history":[{"count":1,"href":"https:\/\/www.fundigex.es\/en\/wp-json\/wp\/v2\/posts\/67412\/revisions"}],"predecessor-version":[{"id":67413,"href":"https:\/\/www.fundigex.es\/en\/wp-json\/wp\/v2\/posts\/67412\/revisions\/67413"}],"wp:featuredmedia":[{"embeddable":true,"href":"https:\/\/www.fundigex.es\/en\/wp-json\/wp\/v2\/media\/67286"}],"wp:attachment":[{"href":"https:\/\/www.fundigex.es\/en\/wp-json\/wp\/v2\/media?parent=67412"}],"wp:term":[{"taxonomy":"category","embeddable":true,"href":"https:\/\/www.fundigex.es\/en\/wp-json\/wp\/v2\/categories?post=67412"},{"taxonomy":"post_tag","embeddable":true,"href":"https:\/\/www.fundigex.es\/en\/wp-json\/wp\/v2\/tags?post=67412"}],"curies":[{"name":"wp","href":"https:\/\/api.w.org\/{rel}","templated":true}]}}