	{"id":42240,"date":"2021-06-09T10:08:10","date_gmt":"2021-06-09T08:08:10","guid":{"rendered":"https:\/\/www.fundigex.es\/?p=42240"},"modified":"2021-06-09T10:08:10","modified_gmt":"2021-06-09T08:08:10","slug":"35-years-loramendi-germany-and-new-managing-director-for-loramendi-aurrenak","status":"publish","type":"post","link":"https:\/\/www.fundigex.es\/en\/35-years-loramendi-germany-and-new-managing-director-for-loramendi-aurrenak","title":{"rendered":"35 YEARS LORAMENDI GERMANY AND NEW  MANAGING DIRECTOR FOR LORAMENDI &#038; AURRENAK"},"content":{"rendered":"<p>THE YEAR 2020 WAS A VERY SPECIAL YEAR FOR LORAMENDI, ESPECIALLY IN GERMANY.<\/p>\n<p>In one of our most important markets, we were able to celebrate our 35th anniversary after the foundation of Loramendi Germany in 1985. Since the very first day, we have attached great importance to the best possible customer orientation and the development of long-term partnership relationships with our customers and suppliers.<\/p>\n<p>&nbsp;<\/p>\n<p>Article proposed by FUNDIGEX &#8211; Spanish Foundry Exporters&#8217; Association<\/p>\n<p>&nbsp;<\/p>\n<p>Keep reading on <a href=\"https:\/\/www.foundry-planet.com\/d\/35-years-loramendi-germany-and-new-managing-director-for-loramendi-aurrenak\/\">Foundry Planet<\/a><\/p>\n","protected":false},"excerpt":{"rendered":"<p>THE YEAR 2020 WAS A VERY SPECIAL YEAR FOR LORAMENDI, ESPECIALLY IN GERMANY. In one of our most important markets, we were able to celebrate our 35th anniversary after the foundation of Loramendi Germany in 1985. Since the very first day, we have attached great importance to the best possible customer orientation and the development&hellip;<\/p>\n","protected":false},"author":5,"featured_media":42254,"comment_status":"closed","ping_status":"closed","sticky":false,"template":"","format":"standard","meta":[],"categories":[696],"tags":[],"acf":[],"yoast_head":"<!-- This site is optimized with the Yoast SEO plugin v20.1 - https:\/\/yoast.com\/wordpress\/plugins\/seo\/ -->\n<title>35 YEARS LORAMENDI GERMANY AND NEW MANAGING DIRECTOR FOR LORAMENDI &amp; AURRENAK - FUNDIGEX<\/title>\n<meta name=\"robots\" content=\"index, follow, max-snippet:-1, max-image-preview:large, max-video-preview:-1\" \/>\n<link rel=\"canonical\" href=\"https:\/\/www.fundigex.es\/en\/35-years-loramendi-germany-and-new-managing-director-for-loramendi-aurrenak\" \/>\n<meta property=\"og:locale\" content=\"en_US\" \/>\n<meta property=\"og:type\" content=\"article\" \/>\n<meta property=\"og:title\" content=\"35 YEARS LORAMENDI GERMANY AND NEW MANAGING DIRECTOR FOR LORAMENDI &amp; AURRENAK - FUNDIGEX\" \/>\n<meta property=\"og:description\" content=\"THE YEAR 2020 WAS A VERY SPECIAL YEAR FOR LORAMENDI, ESPECIALLY IN GERMANY. In one of our most important markets, we were able to celebrate our 35th anniversary after the foundation of Loramendi Germany in 1985. Since the very first day, we have attached great importance to the best possible customer orientation and the development&hellip;\" \/>\n<meta property=\"og:url\" content=\"https:\/\/www.fundigex.es\/en\/35-years-loramendi-germany-and-new-managing-director-for-loramendi-aurrenak\" \/>\n<meta property=\"og:site_name\" content=\"FUNDIGEX\" \/>\n<meta property=\"article:published_time\" content=\"2021-06-09T08:08:10+00:00\" \/>\n<meta property=\"og:image\" content=\"https:\/\/www.fundigex.es\/files\/2021\/06\/Loramendi-Fundigex.png\" \/>\n\t<meta property=\"og:image:width\" content=\"733\" \/>\n\t<meta property=\"og:image:height\" content=\"293\" \/>\n\t<meta property=\"og:image:type\" content=\"image\/png\" \/>\n<meta name=\"author\" content=\"Nerea Fr\u00edas\" \/>\n<meta name=\"twitter:card\" content=\"summary_large_image\" \/>\n<meta name=\"twitter:label1\" content=\"Written by\" \/>\n\t<meta name=\"twitter:data1\" content=\"Nerea Fr\u00edas\" \/>\n\t<meta name=\"twitter:label2\" content=\"Est. reading time\" \/>\n\t<meta name=\"twitter:data2\" content=\"1 minute\" \/>\n<script type=\"application\/ld+json\" class=\"yoast-schema-graph\">{\"@context\":\"https:\/\/schema.org\",\"@graph\":[{\"@type\":\"Article\",\"@id\":\"https:\/\/www.fundigex.es\/en\/35-years-loramendi-germany-and-new-managing-director-for-loramendi-aurrenak#article\",\"isPartOf\":{\"@id\":\"https:\/\/www.fundigex.es\/en\/35-years-loramendi-germany-and-new-managing-director-for-loramendi-aurrenak\"},\"author\":{\"name\":\"Nerea Fr\u00edas\",\"@id\":\"https:\/\/www.fundigex.es\/fr\/#\/schema\/person\/1e072e96a7aed456ba1c2d97930cebd0\"},\"headline\":\"35 YEARS LORAMENDI GERMANY AND NEW MANAGING DIRECTOR FOR LORAMENDI &#038; AURRENAK\",\"datePublished\":\"2021-06-09T08:08:10+00:00\",\"dateModified\":\"2021-06-09T08:08:10+00:00\",\"mainEntityOfPage\":{\"@id\":\"https:\/\/www.fundigex.es\/en\/35-years-loramendi-germany-and-new-managing-director-for-loramendi-aurrenak\"},\"wordCount\":88,\"publisher\":{\"@id\":\"https:\/\/www.fundigex.es\/fr\/#organization\"},\"articleSection\":[\"News\"],\"inLanguage\":\"en-US\"},{\"@type\":\"WebPage\",\"@id\":\"https:\/\/www.fundigex.es\/en\/35-years-loramendi-germany-and-new-managing-director-for-loramendi-aurrenak\",\"url\":\"https:\/\/www.fundigex.es\/en\/35-years-loramendi-germany-and-new-managing-director-for-loramendi-aurrenak\",\"name\":\"35 YEARS LORAMENDI GERMANY AND NEW MANAGING DIRECTOR FOR LORAMENDI & AURRENAK - FUNDIGEX\",\"isPartOf\":{\"@id\":\"https:\/\/www.fundigex.es\/fr\/#website\"},\"datePublished\":\"2021-06-09T08:08:10+00:00\",\"dateModified\":\"2021-06-09T08:08:10+00:00\",\"breadcrumb\":{\"@id\":\"https:\/\/www.fundigex.es\/en\/35-years-loramendi-germany-and-new-managing-director-for-loramendi-aurrenak#breadcrumb\"},\"inLanguage\":\"en-US\",\"potentialAction\":[{\"@type\":\"ReadAction\",\"target\":[\"https:\/\/www.fundigex.es\/en\/35-years-loramendi-germany-and-new-managing-director-for-loramendi-aurrenak\"]}]},{\"@type\":\"BreadcrumbList\",\"@id\":\"https:\/\/www.fundigex.es\/en\/35-years-loramendi-germany-and-new-managing-director-for-loramendi-aurrenak#breadcrumb\",\"itemListElement\":[{\"@type\":\"ListItem\",\"position\":1,\"name\":\"Portada\",\"item\":\"https:\/\/www.fundigex.es\/en\"},{\"@type\":\"ListItem\",\"position\":2,\"name\":\"35 YEARS LORAMENDI GERMANY AND NEW MANAGING DIRECTOR FOR LORAMENDI &#038; AURRENAK\"}]},{\"@type\":\"WebSite\",\"@id\":\"https:\/\/www.fundigex.es\/fr\/#website\",\"url\":\"https:\/\/www.fundigex.es\/fr\/\",\"name\":\"FUNDIGEX\",\"description\":\"Asociaci\u00f3n Espa\u00f1ola de Exportadores de Fundici\u00f3n\",\"publisher\":{\"@id\":\"https:\/\/www.fundigex.es\/fr\/#organization\"},\"potentialAction\":[{\"@type\":\"SearchAction\",\"target\":{\"@type\":\"EntryPoint\",\"urlTemplate\":\"https:\/\/www.fundigex.es\/fr\/?s={search_term_string}\"},\"query-input\":\"required name=search_term_string\"}],\"inLanguage\":\"en-US\"},{\"@type\":\"Organization\",\"@id\":\"https:\/\/www.fundigex.es\/fr\/#organization\",\"name\":\"FUNDIGEX\",\"url\":\"https:\/\/www.fundigex.es\/fr\/\",\"logo\":{\"@type\":\"ImageObject\",\"inLanguage\":\"en-US\",\"@id\":\"https:\/\/www.fundigex.es\/fr\/#\/schema\/logo\/image\/\",\"url\":\"https:\/\/www.fundigex.es\/files\/2023\/07\/FUNDIGEX-LOGO-AltaResolucion.png\",\"contentUrl\":\"https:\/\/www.fundigex.es\/files\/2023\/07\/FUNDIGEX-LOGO-AltaResolucion.png\",\"width\":3438,\"height\":1690,\"caption\":\"FUNDIGEX\"},\"image\":{\"@id\":\"https:\/\/www.fundigex.es\/fr\/#\/schema\/logo\/image\/\"},\"sameAs\":[\"https:\/\/www.linkedin.com\/company\/fundigex-castings-and-foundry-suppliers\/?viewAsMember=true\"]},{\"@type\":\"Person\",\"@id\":\"https:\/\/www.fundigex.es\/fr\/#\/schema\/person\/1e072e96a7aed456ba1c2d97930cebd0\",\"name\":\"Nerea Fr\u00edas\",\"image\":{\"@type\":\"ImageObject\",\"inLanguage\":\"en-US\",\"@id\":\"https:\/\/www.fundigex.es\/fr\/#\/schema\/person\/image\/\",\"url\":\"https:\/\/secure.gravatar.com\/avatar\/ef3391887724ff6b6f436e7ee55e1af5?s=96&d=mm&r=g\",\"contentUrl\":\"https:\/\/secure.gravatar.com\/avatar\/ef3391887724ff6b6f436e7ee55e1af5?s=96&d=mm&r=g\",\"caption\":\"Nerea Fr\u00edas\"}}]}<\/script>\n<!-- \/ Yoast SEO plugin. -->","yoast_head_json":{"title":"35 YEARS LORAMENDI GERMANY AND NEW MANAGING DIRECTOR FOR LORAMENDI & AURRENAK - FUNDIGEX","robots":{"index":"index","follow":"follow","max-snippet":"max-snippet:-1","max-image-preview":"max-image-preview:large","max-video-preview":"max-video-preview:-1"},"canonical":"https:\/\/www.fundigex.es\/en\/35-years-loramendi-germany-and-new-managing-director-for-loramendi-aurrenak","og_locale":"en_US","og_type":"article","og_title":"35 YEARS LORAMENDI GERMANY AND NEW MANAGING DIRECTOR FOR LORAMENDI & AURRENAK - FUNDIGEX","og_description":"THE YEAR 2020 WAS A VERY SPECIAL YEAR FOR LORAMENDI, ESPECIALLY IN GERMANY. In one of our most important markets, we were able to celebrate our 35th anniversary after the foundation of Loramendi Germany in 1985. Since the very first day, we have attached great importance to the best possible customer orientation and the development&hellip;","og_url":"https:\/\/www.fundigex.es\/en\/35-years-loramendi-germany-and-new-managing-director-for-loramendi-aurrenak","og_site_name":"FUNDIGEX","article_published_time":"2021-06-09T08:08:10+00:00","og_image":[{"width":733,"height":293,"url":"https:\/\/www.fundigex.es\/files\/2021\/06\/Loramendi-Fundigex.png","type":"image\/png"}],"author":"Nerea Fr\u00edas","twitter_card":"summary_large_image","twitter_misc":{"Written by":"Nerea Fr\u00edas","Est. reading time":"1 minute"},"schema":{"@context":"https:\/\/schema.org","@graph":[{"@type":"Article","@id":"https:\/\/www.fundigex.es\/en\/35-years-loramendi-germany-and-new-managing-director-for-loramendi-aurrenak#article","isPartOf":{"@id":"https:\/\/www.fundigex.es\/en\/35-years-loramendi-germany-and-new-managing-director-for-loramendi-aurrenak"},"author":{"name":"Nerea Fr\u00edas","@id":"https:\/\/www.fundigex.es\/fr\/#\/schema\/person\/1e072e96a7aed456ba1c2d97930cebd0"},"headline":"35 YEARS LORAMENDI GERMANY AND NEW MANAGING DIRECTOR FOR LORAMENDI &#038; AURRENAK","datePublished":"2021-06-09T08:08:10+00:00","dateModified":"2021-06-09T08:08:10+00:00","mainEntityOfPage":{"@id":"https:\/\/www.fundigex.es\/en\/35-years-loramendi-germany-and-new-managing-director-for-loramendi-aurrenak"},"wordCount":88,"publisher":{"@id":"https:\/\/www.fundigex.es\/fr\/#organization"},"articleSection":["News"],"inLanguage":"en-US"},{"@type":"WebPage","@id":"https:\/\/www.fundigex.es\/en\/35-years-loramendi-germany-and-new-managing-director-for-loramendi-aurrenak","url":"https:\/\/www.fundigex.es\/en\/35-years-loramendi-germany-and-new-managing-director-for-loramendi-aurrenak","name":"35 YEARS LORAMENDI GERMANY AND NEW MANAGING DIRECTOR FOR LORAMENDI & AURRENAK - FUNDIGEX","isPartOf":{"@id":"https:\/\/www.fundigex.es\/fr\/#website"},"datePublished":"2021-06-09T08:08:10+00:00","dateModified":"2021-06-09T08:08:10+00:00","breadcrumb":{"@id":"https:\/\/www.fundigex.es\/en\/35-years-loramendi-germany-and-new-managing-director-for-loramendi-aurrenak#breadcrumb"},"inLanguage":"en-US","potentialAction":[{"@type":"ReadAction","target":["https:\/\/www.fundigex.es\/en\/35-years-loramendi-germany-and-new-managing-director-for-loramendi-aurrenak"]}]},{"@type":"BreadcrumbList","@id":"https:\/\/www.fundigex.es\/en\/35-years-loramendi-germany-and-new-managing-director-for-loramendi-aurrenak#breadcrumb","itemListElement":[{"@type":"ListItem","position":1,"name":"Portada","item":"https:\/\/www.fundigex.es\/en"},{"@type":"ListItem","position":2,"name":"35 YEARS LORAMENDI GERMANY AND NEW MANAGING DIRECTOR FOR LORAMENDI &#038; AURRENAK"}]},{"@type":"WebSite","@id":"https:\/\/www.fundigex.es\/fr\/#website","url":"https:\/\/www.fundigex.es\/fr\/","name":"FUNDIGEX","description":"Asociaci\u00f3n Espa\u00f1ola de Exportadores de Fundici\u00f3n","publisher":{"@id":"https:\/\/www.fundigex.es\/fr\/#organization"},"potentialAction":[{"@type":"SearchAction","target":{"@type":"EntryPoint","urlTemplate":"https:\/\/www.fundigex.es\/fr\/?s={search_term_string}"},"query-input":"required name=search_term_string"}],"inLanguage":"en-US"},{"@type":"Organization","@id":"https:\/\/www.fundigex.es\/fr\/#organization","name":"FUNDIGEX","url":"https:\/\/www.fundigex.es\/fr\/","logo":{"@type":"ImageObject","inLanguage":"en-US","@id":"https:\/\/www.fundigex.es\/fr\/#\/schema\/logo\/image\/","url":"https:\/\/www.fundigex.es\/files\/2023\/07\/FUNDIGEX-LOGO-AltaResolucion.png","contentUrl":"https:\/\/www.fundigex.es\/files\/2023\/07\/FUNDIGEX-LOGO-AltaResolucion.png","width":3438,"height":1690,"caption":"FUNDIGEX"},"image":{"@id":"https:\/\/www.fundigex.es\/fr\/#\/schema\/logo\/image\/"},"sameAs":["https:\/\/www.linkedin.com\/company\/fundigex-castings-and-foundry-suppliers\/?viewAsMember=true"]},{"@type":"Person","@id":"https:\/\/www.fundigex.es\/fr\/#\/schema\/person\/1e072e96a7aed456ba1c2d97930cebd0","name":"Nerea Fr\u00edas","image":{"@type":"ImageObject","inLanguage":"en-US","@id":"https:\/\/www.fundigex.es\/fr\/#\/schema\/person\/image\/","url":"https:\/\/secure.gravatar.com\/avatar\/ef3391887724ff6b6f436e7ee55e1af5?s=96&d=mm&r=g","contentUrl":"https:\/\/secure.gravatar.com\/avatar\/ef3391887724ff6b6f436e7ee55e1af5?s=96&d=mm&r=g","caption":"Nerea Fr\u00edas"}}]}},"_links":{"self":[{"href":"https:\/\/www.fundigex.es\/en\/wp-json\/wp\/v2\/posts\/42240"}],"collection":[{"href":"https:\/\/www.fundigex.es\/en\/wp-json\/wp\/v2\/posts"}],"about":[{"href":"https:\/\/www.fundigex.es\/en\/wp-json\/wp\/v2\/types\/post"}],"author":[{"embeddable":true,"href":"https:\/\/www.fundigex.es\/en\/wp-json\/wp\/v2\/users\/5"}],"replies":[{"embeddable":true,"href":"https:\/\/www.fundigex.es\/en\/wp-json\/wp\/v2\/comments?post=42240"}],"version-history":[{"count":0,"href":"https:\/\/www.fundigex.es\/en\/wp-json\/wp\/v2\/posts\/42240\/revisions"}],"wp:featuredmedia":[{"embeddable":true,"href":"https:\/\/www.fundigex.es\/en\/wp-json\/wp\/v2\/media\/42254"}],"wp:attachment":[{"href":"https:\/\/www.fundigex.es\/en\/wp-json\/wp\/v2\/media?parent=42240"}],"wp:term":[{"taxonomy":"category","embeddable":true,"href":"https:\/\/www.fundigex.es\/en\/wp-json\/wp\/v2\/categories?post=42240"},{"taxonomy":"post_tag","embeddable":true,"href":"https:\/\/www.fundigex.es\/en\/wp-json\/wp\/v2\/tags?post=42240"}],"curies":[{"name":"wp","href":"https:\/\/api.w.org\/{rel}","templated":true}]}}